{"id":1452,"date":"2019-04-17T14:13:00","date_gmt":"2019-04-17T12:13:00","guid":{"rendered":"https:\/\/tarapata.com\/?p=1452"},"modified":"2025-05-27T14:16:44","modified_gmt":"2025-05-27T12:16:44","slug":"targi-pracy-powiatu-mieleckiego","status":"publish","type":"post","link":"https:\/\/tarapata.com\/de\/targi-pracy-powiatu-mieleckiego\/","title":{"rendered":"Jobmesse des Landkreises Mielec"},"content":{"rendered":"<p>Am 16. April 2019 fand im Auditorium des Komplexes der Technischen Schule in der Jagiello\u0144czyka-Stra\u00dfe 3 in Mielec die Jobmesse des Landkreises Mielec statt, bei der die Firma Tarapata an ihrem Stand ihr Stellenangebot bei unserem Unternehmen vorstellte und gleichzeitig Werbung f\u00fcr das Unternehmen machte.<\/p>\n\n\n\n<p><\/p>","protected":false},"excerpt":{"rendered":"<p>Am 16. April 2019 fand im Auditorium des Komplexes der Technischen Schule in der Jagiello\u0144czyka-Stra\u00dfe 3 in Mielec die Jobmesse des Landkreises Mielec statt, bei der die Firma Tarapata an ihrem Stand ihr Stellenangebot bei unserem Unternehmen vorstellte und gleichzeitig Werbung f\u00fcr das Unternehmen machte.<\/p>","protected":false},"author":5,"featured_media":1459,"comment_status":"closed","ping_status":"closed","sticky":false,"template":"","format":"standard","meta":{"footnotes":""},"categories":[1],"tags":[],"class_list":["post-1452","post","type-post","status-publish","format-standard","has-post-thumbnail","hentry","category-bez-kategorii"],"yoast_head":"<!-- This site is optimized with the Yoast SEO plugin v27.5 - https:\/\/yoast.com\/product\/yoast-seo-wordpress\/ -->\n<title>Targi Pracy Powiatu Mieleckiego - Tarapata<\/title>\n<meta name=\"robots\" content=\"index, follow, max-snippet:-1, max-image-preview:large, max-video-preview:-1\" \/>\n<link rel=\"canonical\" href=\"https:\/\/tarapata.com\/de\/targi-pracy-powiatu-mieleckiego\/\" \/>\n<meta property=\"og:locale\" content=\"de_DE\" \/>\n<meta property=\"og:type\" content=\"article\" \/>\n<meta property=\"og:title\" content=\"Targi Pracy Powiatu Mieleckiego - Tarapata\" \/>\n<meta property=\"og:description\" content=\"W dniu 16-04-2019\u00a0w Auli Zespo\u0142u Szk\u00f3\u0142 Technicznych przy ul. Jagiello\u0144czyka 3 w Mielcu oby\u0142y si\u0119\u00a0Targi Pracy Powiatu Mieleckiego, gdzie Firma Tarapata na swoim stanowisku przedstawia\u0142a ofert\u0119 zatrudnienia w naszej firmie jednocze\u015bnie promuj\u0105c przedsi\u0119biorstwo.\" \/>\n<meta property=\"og:url\" content=\"https:\/\/tarapata.com\/de\/targi-pracy-powiatu-mieleckiego\/\" \/>\n<meta property=\"og:site_name\" content=\"Tarapata\" \/>\n<meta property=\"article:publisher\" content=\"https:\/\/www.facebook.com\/people\/Firma-Tarapata\/100083356441442\/#\" \/>\n<meta property=\"article:published_time\" content=\"2019-04-17T12:13:00+00:00\" \/>\n<meta property=\"article:modified_time\" content=\"2025-05-27T12:16:44+00:00\" \/>\n<meta property=\"og:image\" content=\"https:\/\/tarapata.com\/wp-content\/uploads\/2025\/05\/IMG_20190416_114846_naglowek1.jpg\" \/>\n\t<meta property=\"og:image:width\" content=\"410\" \/>\n\t<meta property=\"og:image:height\" content=\"251\" \/>\n\t<meta property=\"og:image:type\" content=\"image\/jpeg\" \/>\n<meta name=\"author\" content=\"bartosz.koziol\" \/>\n<meta name=\"twitter:card\" content=\"summary_large_image\" \/>\n<meta name=\"twitter:label1\" content=\"Verfasst von\" \/>\n\t<meta name=\"twitter:data1\" content=\"bartosz.koziol\" \/>\n\t<meta name=\"twitter:label2\" content=\"Gesch\u00e4tzte Lesezeit\" \/>\n\t<meta name=\"twitter:data2\" content=\"1\u00a0Minute\" \/>\n<script type=\"application\/ld+json\" class=\"yoast-schema-graph\">{\"@context\":\"https:\\\/\\\/schema.org\",\"@graph\":[{\"@type\":\"Article\",\"@id\":\"https:\\\/\\\/tarapata.com\\\/targi-pracy-powiatu-mieleckiego\\\/#article\",\"isPartOf\":{\"@id\":\"https:\\\/\\\/tarapata.com\\\/targi-pracy-powiatu-mieleckiego\\\/\"},\"author\":{\"name\":\"bartosz.koziol\",\"@id\":\"https:\\\/\\\/tarapata.com\\\/#\\\/schema\\\/person\\\/eb5bdf1ad8304b553a64da5ef7b4264e\"},\"headline\":\"Targi Pracy Powiatu Mieleckiego\",\"datePublished\":\"2019-04-17T12:13:00+00:00\",\"dateModified\":\"2025-05-27T12:16:44+00:00\",\"mainEntityOfPage\":{\"@id\":\"https:\\\/\\\/tarapata.com\\\/targi-pracy-powiatu-mieleckiego\\\/\"},\"wordCount\":46,\"publisher\":{\"@id\":\"https:\\\/\\\/tarapata.com\\\/#organization\"},\"image\":{\"@id\":\"https:\\\/\\\/tarapata.com\\\/targi-pracy-powiatu-mieleckiego\\\/#primaryimage\"},\"thumbnailUrl\":\"https:\\\/\\\/tarapata.com\\\/wp-content\\\/uploads\\\/2025\\\/05\\\/IMG_20190416_114846_naglowek1.jpg\",\"articleSection\":[\"Bez kategorii\"],\"inLanguage\":\"de\"},{\"@type\":\"WebPage\",\"@id\":\"https:\\\/\\\/tarapata.com\\\/targi-pracy-powiatu-mieleckiego\\\/\",\"url\":\"https:\\\/\\\/tarapata.com\\\/targi-pracy-powiatu-mieleckiego\\\/\",\"name\":\"Targi Pracy Powiatu Mieleckiego - Tarapata\",\"isPartOf\":{\"@id\":\"https:\\\/\\\/tarapata.com\\\/#website\"},\"primaryImageOfPage\":{\"@id\":\"https:\\\/\\\/tarapata.com\\\/targi-pracy-powiatu-mieleckiego\\\/#primaryimage\"},\"image\":{\"@id\":\"https:\\\/\\\/tarapata.com\\\/targi-pracy-powiatu-mieleckiego\\\/#primaryimage\"},\"thumbnailUrl\":\"https:\\\/\\\/tarapata.com\\\/wp-content\\\/uploads\\\/2025\\\/05\\\/IMG_20190416_114846_naglowek1.jpg\",\"datePublished\":\"2019-04-17T12:13:00+00:00\",\"dateModified\":\"2025-05-27T12:16:44+00:00\",\"breadcrumb\":{\"@id\":\"https:\\\/\\\/tarapata.com\\\/targi-pracy-powiatu-mieleckiego\\\/#breadcrumb\"},\"inLanguage\":\"de\",\"potentialAction\":[{\"@type\":\"ReadAction\",\"target\":[\"https:\\\/\\\/tarapata.com\\\/targi-pracy-powiatu-mieleckiego\\\/\"]}]},{\"@type\":\"ImageObject\",\"inLanguage\":\"de\",\"@id\":\"https:\\\/\\\/tarapata.com\\\/targi-pracy-powiatu-mieleckiego\\\/#primaryimage\",\"url\":\"https:\\\/\\\/tarapata.com\\\/wp-content\\\/uploads\\\/2025\\\/05\\\/IMG_20190416_114846_naglowek1.jpg\",\"contentUrl\":\"https:\\\/\\\/tarapata.com\\\/wp-content\\\/uploads\\\/2025\\\/05\\\/IMG_20190416_114846_naglowek1.jpg\",\"width\":410,\"height\":251},{\"@type\":\"BreadcrumbList\",\"@id\":\"https:\\\/\\\/tarapata.com\\\/targi-pracy-powiatu-mieleckiego\\\/#breadcrumb\",\"itemListElement\":[{\"@type\":\"ListItem\",\"position\":1,\"name\":\"Strona g\u0142\u00f3wna\",\"item\":\"https:\\\/\\\/tarapata.com\\\/\"},{\"@type\":\"ListItem\",\"position\":2,\"name\":\"Targi Pracy Powiatu Mieleckiego\"}]},{\"@type\":\"WebSite\",\"@id\":\"https:\\\/\\\/tarapata.com\\\/#website\",\"url\":\"https:\\\/\\\/tarapata.com\\\/\",\"name\":\"Firma Tarapata Sp. z o.o\",\"description\":\"Od 2002 roku Firma Tarapata Sp. z o.o. oferuje kompleksowe us\u0142ugi z zakresu obr\u00f3bki stali i specjalizuje si\u0119 w produkcji cz\u0119\u015bci dla r\u00f3\u017cnych ga\u0142\u0119zi przemys\u0142u\",\"publisher\":{\"@id\":\"https:\\\/\\\/tarapata.com\\\/#organization\"},\"potentialAction\":[{\"@type\":\"SearchAction\",\"target\":{\"@type\":\"EntryPoint\",\"urlTemplate\":\"https:\\\/\\\/tarapata.com\\\/?s={search_term_string}\"},\"query-input\":{\"@type\":\"PropertyValueSpecification\",\"valueRequired\":true,\"valueName\":\"search_term_string\"}}],\"inLanguage\":\"de\"},{\"@type\":\"Organization\",\"@id\":\"https:\\\/\\\/tarapata.com\\\/#organization\",\"name\":\"Firma Tarapata Sp. z o.o\",\"url\":\"https:\\\/\\\/tarapata.com\\\/\",\"logo\":{\"@type\":\"ImageObject\",\"inLanguage\":\"de\",\"@id\":\"https:\\\/\\\/tarapata.com\\\/#\\\/schema\\\/logo\\\/image\\\/\",\"url\":\"https:\\\/\\\/tarapata.com\\\/wp-content\\\/uploads\\\/2025\\\/04\\\/favicon.jpg\",\"contentUrl\":\"https:\\\/\\\/tarapata.com\\\/wp-content\\\/uploads\\\/2025\\\/04\\\/favicon.jpg\",\"width\":128,\"height\":115,\"caption\":\"Firma Tarapata Sp. z o.o\"},\"image\":{\"@id\":\"https:\\\/\\\/tarapata.com\\\/#\\\/schema\\\/logo\\\/image\\\/\"},\"sameAs\":[\"https:\\\/\\\/www.facebook.com\\\/people\\\/Firma-Tarapata\\\/100083356441442\\\/#\",\"https:\\\/\\\/www.instagram.com\\\/firmatarapata\\\/\",\"https:\\\/\\\/www.youtube.com\\\/@ciecielaserem\",\"https:\\\/\\\/pl.linkedin.com\\\/company\\\/firmatarapata\",\"https:\\\/\\\/www.tiktok.com\\\/@firmatarapata\"]},{\"@type\":\"Person\",\"@id\":\"https:\\\/\\\/tarapata.com\\\/#\\\/schema\\\/person\\\/eb5bdf1ad8304b553a64da5ef7b4264e\",\"name\":\"bartosz.koziol\",\"url\":\"https:\\\/\\\/tarapata.com\\\/de\\\/author\\\/bartosz-koziol\\\/\"}]}<\/script>\n<!-- \/ Yoast SEO plugin. -->","yoast_head_json":{"title":"Targi Pracy Powiatu Mieleckiego - Tarapata","robots":{"index":"index","follow":"follow","max-snippet":"max-snippet:-1","max-image-preview":"max-image-preview:large","max-video-preview":"max-video-preview:-1"},"canonical":"https:\/\/tarapata.com\/de\/targi-pracy-powiatu-mieleckiego\/","og_locale":"de_DE","og_type":"article","og_title":"Targi Pracy Powiatu Mieleckiego - Tarapata","og_description":"W dniu 16-04-2019\u00a0w Auli Zespo\u0142u Szk\u00f3\u0142 Technicznych przy ul. Jagiello\u0144czyka 3 w Mielcu oby\u0142y si\u0119\u00a0Targi Pracy Powiatu Mieleckiego, gdzie Firma Tarapata na swoim stanowisku przedstawia\u0142a ofert\u0119 zatrudnienia w naszej firmie jednocze\u015bnie promuj\u0105c przedsi\u0119biorstwo.","og_url":"https:\/\/tarapata.com\/de\/targi-pracy-powiatu-mieleckiego\/","og_site_name":"Tarapata","article_publisher":"https:\/\/www.facebook.com\/people\/Firma-Tarapata\/100083356441442\/#","article_published_time":"2019-04-17T12:13:00+00:00","article_modified_time":"2025-05-27T12:16:44+00:00","og_image":[{"width":410,"height":251,"url":"https:\/\/tarapata.com\/wp-content\/uploads\/2025\/05\/IMG_20190416_114846_naglowek1.jpg","type":"image\/jpeg"}],"author":"bartosz.koziol","twitter_card":"summary_large_image","twitter_misc":{"Verfasst von":"bartosz.koziol","Gesch\u00e4tzte Lesezeit":"1\u00a0Minute"},"schema":{"@context":"https:\/\/schema.org","@graph":[{"@type":"Article","@id":"https:\/\/tarapata.com\/targi-pracy-powiatu-mieleckiego\/#article","isPartOf":{"@id":"https:\/\/tarapata.com\/targi-pracy-powiatu-mieleckiego\/"},"author":{"name":"bartosz.koziol","@id":"https:\/\/tarapata.com\/#\/schema\/person\/eb5bdf1ad8304b553a64da5ef7b4264e"},"headline":"Targi Pracy Powiatu Mieleckiego","datePublished":"2019-04-17T12:13:00+00:00","dateModified":"2025-05-27T12:16:44+00:00","mainEntityOfPage":{"@id":"https:\/\/tarapata.com\/targi-pracy-powiatu-mieleckiego\/"},"wordCount":46,"publisher":{"@id":"https:\/\/tarapata.com\/#organization"},"image":{"@id":"https:\/\/tarapata.com\/targi-pracy-powiatu-mieleckiego\/#primaryimage"},"thumbnailUrl":"https:\/\/tarapata.com\/wp-content\/uploads\/2025\/05\/IMG_20190416_114846_naglowek1.jpg","articleSection":["Bez kategorii"],"inLanguage":"de"},{"@type":"WebPage","@id":"https:\/\/tarapata.com\/targi-pracy-powiatu-mieleckiego\/","url":"https:\/\/tarapata.com\/targi-pracy-powiatu-mieleckiego\/","name":"Targi Pracy Powiatu Mieleckiego - Tarapata","isPartOf":{"@id":"https:\/\/tarapata.com\/#website"},"primaryImageOfPage":{"@id":"https:\/\/tarapata.com\/targi-pracy-powiatu-mieleckiego\/#primaryimage"},"image":{"@id":"https:\/\/tarapata.com\/targi-pracy-powiatu-mieleckiego\/#primaryimage"},"thumbnailUrl":"https:\/\/tarapata.com\/wp-content\/uploads\/2025\/05\/IMG_20190416_114846_naglowek1.jpg","datePublished":"2019-04-17T12:13:00+00:00","dateModified":"2025-05-27T12:16:44+00:00","breadcrumb":{"@id":"https:\/\/tarapata.com\/targi-pracy-powiatu-mieleckiego\/#breadcrumb"},"inLanguage":"de","potentialAction":[{"@type":"ReadAction","target":["https:\/\/tarapata.com\/targi-pracy-powiatu-mieleckiego\/"]}]},{"@type":"ImageObject","inLanguage":"de","@id":"https:\/\/tarapata.com\/targi-pracy-powiatu-mieleckiego\/#primaryimage","url":"https:\/\/tarapata.com\/wp-content\/uploads\/2025\/05\/IMG_20190416_114846_naglowek1.jpg","contentUrl":"https:\/\/tarapata.com\/wp-content\/uploads\/2025\/05\/IMG_20190416_114846_naglowek1.jpg","width":410,"height":251},{"@type":"BreadcrumbList","@id":"https:\/\/tarapata.com\/targi-pracy-powiatu-mieleckiego\/#breadcrumb","itemListElement":[{"@type":"ListItem","position":1,"name":"Strona g\u0142\u00f3wna","item":"https:\/\/tarapata.com\/"},{"@type":"ListItem","position":2,"name":"Targi Pracy Powiatu Mieleckiego"}]},{"@type":"WebSite","@id":"https:\/\/tarapata.com\/#website","url":"https:\/\/tarapata.com\/","name":"Firma Tarapata Sp. z o.o","description":"Od 2002 roku Firma Tarapata Sp. z o.o. oferuje kompleksowe us\u0142ugi z zakresu obr\u00f3bki stali i specjalizuje si\u0119 w produkcji cz\u0119\u015bci dla r\u00f3\u017cnych ga\u0142\u0119zi przemys\u0142u","publisher":{"@id":"https:\/\/tarapata.com\/#organization"},"potentialAction":[{"@type":"SearchAction","target":{"@type":"EntryPoint","urlTemplate":"https:\/\/tarapata.com\/?s={search_term_string}"},"query-input":{"@type":"PropertyValueSpecification","valueRequired":true,"valueName":"search_term_string"}}],"inLanguage":"de"},{"@type":"Organization","@id":"https:\/\/tarapata.com\/#organization","name":"Firma Tarapata Sp. z o.o","url":"https:\/\/tarapata.com\/","logo":{"@type":"ImageObject","inLanguage":"de","@id":"https:\/\/tarapata.com\/#\/schema\/logo\/image\/","url":"https:\/\/tarapata.com\/wp-content\/uploads\/2025\/04\/favicon.jpg","contentUrl":"https:\/\/tarapata.com\/wp-content\/uploads\/2025\/04\/favicon.jpg","width":128,"height":115,"caption":"Firma Tarapata Sp. z o.o"},"image":{"@id":"https:\/\/tarapata.com\/#\/schema\/logo\/image\/"},"sameAs":["https:\/\/www.facebook.com\/people\/Firma-Tarapata\/100083356441442\/#","https:\/\/www.instagram.com\/firmatarapata\/","https:\/\/www.youtube.com\/@ciecielaserem","https:\/\/pl.linkedin.com\/company\/firmatarapata","https:\/\/www.tiktok.com\/@firmatarapata"]},{"@type":"Person","@id":"https:\/\/tarapata.com\/#\/schema\/person\/eb5bdf1ad8304b553a64da5ef7b4264e","name":"bartosz.koziol","url":"https:\/\/tarapata.com\/de\/author\/bartosz-koziol\/"}]}},"_links":{"self":[{"href":"https:\/\/tarapata.com\/de\/wp-json\/wp\/v2\/posts\/1452","targetHints":{"allow":["GET"]}}],"collection":[{"href":"https:\/\/tarapata.com\/de\/wp-json\/wp\/v2\/posts"}],"about":[{"href":"https:\/\/tarapata.com\/de\/wp-json\/wp\/v2\/types\/post"}],"author":[{"embeddable":true,"href":"https:\/\/tarapata.com\/de\/wp-json\/wp\/v2\/users\/5"}],"replies":[{"embeddable":true,"href":"https:\/\/tarapata.com\/de\/wp-json\/wp\/v2\/comments?post=1452"}],"version-history":[{"count":1,"href":"https:\/\/tarapata.com\/de\/wp-json\/wp\/v2\/posts\/1452\/revisions"}],"predecessor-version":[{"id":1460,"href":"https:\/\/tarapata.com\/de\/wp-json\/wp\/v2\/posts\/1452\/revisions\/1460"}],"wp:featuredmedia":[{"embeddable":true,"href":"https:\/\/tarapata.com\/de\/wp-json\/wp\/v2\/media\/1459"}],"wp:attachment":[{"href":"https:\/\/tarapata.com\/de\/wp-json\/wp\/v2\/media?parent=1452"}],"wp:term":[{"taxonomy":"category","embeddable":true,"href":"https:\/\/tarapata.com\/de\/wp-json\/wp\/v2\/categories?post=1452"},{"taxonomy":"post_tag","embeddable":true,"href":"https:\/\/tarapata.com\/de\/wp-json\/wp\/v2\/tags?post=1452"}],"curies":[{"name":"wp","href":"https:\/\/api.w.org\/{rel}","templated":true}]}}