{"id":1719,"date":"2025-10-09T13:45:52","date_gmt":"2025-10-09T11:45:52","guid":{"rendered":"https:\/\/tarapata.com\/?p=1719"},"modified":"2025-10-09T14:20:55","modified_gmt":"2025-10-09T12:20:55","slug":"16-miedzynarodowe-targi-kolejowe-trako-2025-w-gdansku-juz-za-nami","status":"publish","type":"post","link":"https:\/\/tarapata.com\/de\/16-miedzynarodowe-targi-kolejowe-trako-2025-w-gdansku-juz-za-nami\/","title":{"rendered":"Die 16. Internationale Eisenbahnmesse TRAKO 2025 in Danzig liegt bereits hinter uns\u2026"},"content":{"rendered":"<p>Die 16. Internationale Eisenbahnmesse TRAKO 2025 in Danzig ist zu Ende gegangen. Sie wurde von 25.363 Besuchern aus 49 L\u00e4ndern besucht.<br>Vielen Dank f\u00fcr die zahlreichen Gespr\u00e4che und Begegnungen an unserem Stand.<br>Wir freuen uns, unsere Dienstleistungen vorgestellt und m\u00f6gliche Kooperationsm\u00f6glichkeiten er\u00f6rtert zu haben.<\/p>\n\n\n\n<p><\/p>","protected":false},"excerpt":{"rendered":"<p>Die 16. Internationale Eisenbahnmesse TRAKO 2025 in Danzig ist zu Ende gegangen. 25.363 Besucher aus 49 L\u00e4ndern waren anwesend. Vielen Dank f\u00fcr die zahlreichen Gespr\u00e4che und Begegnungen an unserem Stand. Wir freuen uns, unsere Dienstleistungen pr\u00e4sentiert und m\u00f6gliche Kooperationsm\u00f6glichkeiten er\u00f6rtert zu haben.<\/p>","protected":false},"author":9,"featured_media":1720,"comment_status":"closed","ping_status":"closed","sticky":false,"template":"","format":"standard","meta":{"footnotes":""},"categories":[1],"tags":[],"class_list":["post-1719","post","type-post","status-publish","format-standard","has-post-thumbnail","hentry","category-bez-kategorii"],"yoast_head":"<!-- This site is optimized with the Yoast SEO plugin v27.4 - https:\/\/yoast.com\/product\/yoast-seo-wordpress\/ -->\n<title>16. Mi\u0119dzynarodowe Targi Kolejowe TRAKO 2025 w Gda\u0144sku ju\u017c za nami... - Tarapata<\/title>\n<meta name=\"robots\" content=\"index, follow, max-snippet:-1, max-image-preview:large, max-video-preview:-1\" \/>\n<link rel=\"canonical\" href=\"https:\/\/tarapata.com\/de\/16-miedzynarodowe-targi-kolejowe-trako-2025-w-gdansku-juz-za-nami\/\" \/>\n<meta property=\"og:locale\" content=\"de_DE\" \/>\n<meta property=\"og:type\" content=\"article\" \/>\n<meta property=\"og:title\" content=\"16. Mi\u0119dzynarodowe Targi Kolejowe TRAKO 2025 w Gda\u0144sku ju\u017c za nami... - Tarapata\" \/>\n<meta property=\"og:description\" content=\"16. Mi\u0119dzynarodowe Targi Kolejowe TRAKO 2025 w Gda\u0144sku dobieg\u0142y ko\u0144ca. Odwiedzi\u0142o je 25 363 os\u00f3b z 49 kraj\u00f3w.Dzi\u0119kujemy za wszystkie spotkania i rozmowy na naszym stoisku.Cieszymy si\u0119, \u017ce mogli\u015bmy zaprezentowa\u0107 nasze us\u0142ugi i porozmawia\u0107 o mo\u017cliwo\u015bciach potencjalnej wsp\u00f3\u0142pracy.\" \/>\n<meta property=\"og:url\" content=\"https:\/\/tarapata.com\/de\/16-miedzynarodowe-targi-kolejowe-trako-2025-w-gdansku-juz-za-nami\/\" \/>\n<meta property=\"og:site_name\" content=\"Tarapata\" \/>\n<meta property=\"article:publisher\" content=\"https:\/\/www.facebook.com\/people\/Firma-Tarapata\/100083356441442\/#\" \/>\n<meta property=\"article:published_time\" content=\"2025-10-09T11:45:52+00:00\" \/>\n<meta property=\"article:modified_time\" content=\"2025-10-09T12:20:55+00:00\" \/>\n<meta property=\"og:image\" content=\"https:\/\/tarapata.com\/wp-content\/uploads\/2025\/10\/TRAKO-2.jpg\" \/>\n\t<meta property=\"og:image:width\" content=\"1600\" \/>\n\t<meta property=\"og:image:height\" content=\"1200\" \/>\n\t<meta property=\"og:image:type\" content=\"image\/jpeg\" \/>\n<meta name=\"author\" content=\"Anna St\u0105por\" \/>\n<meta name=\"twitter:card\" content=\"summary_large_image\" \/>\n<meta name=\"twitter:label1\" content=\"Verfasst von\" \/>\n\t<meta name=\"twitter:data1\" content=\"Anna St\u0105por\" \/>\n\t<meta name=\"twitter:label2\" content=\"Gesch\u00e4tzte Lesezeit\" \/>\n\t<meta name=\"twitter:data2\" content=\"1\u00a0Minute\" \/>\n<script type=\"application\/ld+json\" class=\"yoast-schema-graph\">{\"@context\":\"https:\\\/\\\/schema.org\",\"@graph\":[{\"@type\":\"Article\",\"@id\":\"https:\\\/\\\/tarapata.com\\\/16-miedzynarodowe-targi-kolejowe-trako-2025-w-gdansku-juz-za-nami\\\/#article\",\"isPartOf\":{\"@id\":\"https:\\\/\\\/tarapata.com\\\/16-miedzynarodowe-targi-kolejowe-trako-2025-w-gdansku-juz-za-nami\\\/\"},\"author\":{\"name\":\"Anna St\u0105por\",\"@id\":\"https:\\\/\\\/tarapata.com\\\/#\\\/schema\\\/person\\\/11d17d86ede70fc7e80f178ef290b2ca\"},\"headline\":\"16. Mi\u0119dzynarodowe Targi Kolejowe TRAKO 2025 w Gda\u0144sku ju\u017c za nami&#8230;\",\"datePublished\":\"2025-10-09T11:45:52+00:00\",\"dateModified\":\"2025-10-09T12:20:55+00:00\",\"mainEntityOfPage\":{\"@id\":\"https:\\\/\\\/tarapata.com\\\/16-miedzynarodowe-targi-kolejowe-trako-2025-w-gdansku-juz-za-nami\\\/\"},\"wordCount\":59,\"publisher\":{\"@id\":\"https:\\\/\\\/tarapata.com\\\/#organization\"},\"image\":{\"@id\":\"https:\\\/\\\/tarapata.com\\\/16-miedzynarodowe-targi-kolejowe-trako-2025-w-gdansku-juz-za-nami\\\/#primaryimage\"},\"thumbnailUrl\":\"https:\\\/\\\/tarapata.com\\\/wp-content\\\/uploads\\\/2025\\\/10\\\/TRAKO-2.jpg\",\"articleSection\":[\"Bez kategorii\"],\"inLanguage\":\"de\"},{\"@type\":\"WebPage\",\"@id\":\"https:\\\/\\\/tarapata.com\\\/16-miedzynarodowe-targi-kolejowe-trako-2025-w-gdansku-juz-za-nami\\\/\",\"url\":\"https:\\\/\\\/tarapata.com\\\/16-miedzynarodowe-targi-kolejowe-trako-2025-w-gdansku-juz-za-nami\\\/\",\"name\":\"16. Mi\u0119dzynarodowe Targi Kolejowe TRAKO 2025 w Gda\u0144sku ju\u017c za nami... - Tarapata\",\"isPartOf\":{\"@id\":\"https:\\\/\\\/tarapata.com\\\/#website\"},\"primaryImageOfPage\":{\"@id\":\"https:\\\/\\\/tarapata.com\\\/16-miedzynarodowe-targi-kolejowe-trako-2025-w-gdansku-juz-za-nami\\\/#primaryimage\"},\"image\":{\"@id\":\"https:\\\/\\\/tarapata.com\\\/16-miedzynarodowe-targi-kolejowe-trako-2025-w-gdansku-juz-za-nami\\\/#primaryimage\"},\"thumbnailUrl\":\"https:\\\/\\\/tarapata.com\\\/wp-content\\\/uploads\\\/2025\\\/10\\\/TRAKO-2.jpg\",\"datePublished\":\"2025-10-09T11:45:52+00:00\",\"dateModified\":\"2025-10-09T12:20:55+00:00\",\"breadcrumb\":{\"@id\":\"https:\\\/\\\/tarapata.com\\\/16-miedzynarodowe-targi-kolejowe-trako-2025-w-gdansku-juz-za-nami\\\/#breadcrumb\"},\"inLanguage\":\"de\",\"potentialAction\":[{\"@type\":\"ReadAction\",\"target\":[\"https:\\\/\\\/tarapata.com\\\/16-miedzynarodowe-targi-kolejowe-trako-2025-w-gdansku-juz-za-nami\\\/\"]}]},{\"@type\":\"ImageObject\",\"inLanguage\":\"de\",\"@id\":\"https:\\\/\\\/tarapata.com\\\/16-miedzynarodowe-targi-kolejowe-trako-2025-w-gdansku-juz-za-nami\\\/#primaryimage\",\"url\":\"https:\\\/\\\/tarapata.com\\\/wp-content\\\/uploads\\\/2025\\\/10\\\/TRAKO-2.jpg\",\"contentUrl\":\"https:\\\/\\\/tarapata.com\\\/wp-content\\\/uploads\\\/2025\\\/10\\\/TRAKO-2.jpg\",\"width\":1600,\"height\":1200},{\"@type\":\"BreadcrumbList\",\"@id\":\"https:\\\/\\\/tarapata.com\\\/16-miedzynarodowe-targi-kolejowe-trako-2025-w-gdansku-juz-za-nami\\\/#breadcrumb\",\"itemListElement\":[{\"@type\":\"ListItem\",\"position\":1,\"name\":\"Strona g\u0142\u00f3wna\",\"item\":\"https:\\\/\\\/tarapata.com\\\/\"},{\"@type\":\"ListItem\",\"position\":2,\"name\":\"16. Mi\u0119dzynarodowe Targi Kolejowe TRAKO 2025 w Gda\u0144sku ju\u017c za nami&#8230;\"}]},{\"@type\":\"WebSite\",\"@id\":\"https:\\\/\\\/tarapata.com\\\/#website\",\"url\":\"https:\\\/\\\/tarapata.com\\\/\",\"name\":\"Firma Tarapata Sp. z o.o\",\"description\":\"Od 2002 roku Firma Tarapata Sp. z o.o. oferuje kompleksowe us\u0142ugi z zakresu obr\u00f3bki stali i specjalizuje si\u0119 w produkcji cz\u0119\u015bci dla r\u00f3\u017cnych ga\u0142\u0119zi przemys\u0142u\",\"publisher\":{\"@id\":\"https:\\\/\\\/tarapata.com\\\/#organization\"},\"potentialAction\":[{\"@type\":\"SearchAction\",\"target\":{\"@type\":\"EntryPoint\",\"urlTemplate\":\"https:\\\/\\\/tarapata.com\\\/?s={search_term_string}\"},\"query-input\":{\"@type\":\"PropertyValueSpecification\",\"valueRequired\":true,\"valueName\":\"search_term_string\"}}],\"inLanguage\":\"de\"},{\"@type\":\"Organization\",\"@id\":\"https:\\\/\\\/tarapata.com\\\/#organization\",\"name\":\"Firma Tarapata Sp. z o.o\",\"url\":\"https:\\\/\\\/tarapata.com\\\/\",\"logo\":{\"@type\":\"ImageObject\",\"inLanguage\":\"de\",\"@id\":\"https:\\\/\\\/tarapata.com\\\/#\\\/schema\\\/logo\\\/image\\\/\",\"url\":\"https:\\\/\\\/tarapata.com\\\/wp-content\\\/uploads\\\/2025\\\/04\\\/favicon.jpg\",\"contentUrl\":\"https:\\\/\\\/tarapata.com\\\/wp-content\\\/uploads\\\/2025\\\/04\\\/favicon.jpg\",\"width\":128,\"height\":115,\"caption\":\"Firma Tarapata Sp. z o.o\"},\"image\":{\"@id\":\"https:\\\/\\\/tarapata.com\\\/#\\\/schema\\\/logo\\\/image\\\/\"},\"sameAs\":[\"https:\\\/\\\/www.facebook.com\\\/people\\\/Firma-Tarapata\\\/100083356441442\\\/#\",\"https:\\\/\\\/www.instagram.com\\\/firmatarapata\\\/\",\"https:\\\/\\\/www.youtube.com\\\/@ciecielaserem\",\"https:\\\/\\\/pl.linkedin.com\\\/company\\\/firmatarapata\",\"https:\\\/\\\/www.tiktok.com\\\/@firmatarapata\"]},{\"@type\":\"Person\",\"@id\":\"https:\\\/\\\/tarapata.com\\\/#\\\/schema\\\/person\\\/11d17d86ede70fc7e80f178ef290b2ca\",\"name\":\"Anna St\u0105por\",\"url\":\"https:\\\/\\\/tarapata.com\\\/de\\\/author\\\/anna-stapor\\\/\"}]}<\/script>\n<!-- \/ Yoast SEO plugin. -->","yoast_head_json":{"title":"16. Mi\u0119dzynarodowe Targi Kolejowe TRAKO 2025 w Gda\u0144sku ju\u017c za nami... - Tarapata","robots":{"index":"index","follow":"follow","max-snippet":"max-snippet:-1","max-image-preview":"max-image-preview:large","max-video-preview":"max-video-preview:-1"},"canonical":"https:\/\/tarapata.com\/de\/16-miedzynarodowe-targi-kolejowe-trako-2025-w-gdansku-juz-za-nami\/","og_locale":"de_DE","og_type":"article","og_title":"16. Mi\u0119dzynarodowe Targi Kolejowe TRAKO 2025 w Gda\u0144sku ju\u017c za nami... - Tarapata","og_description":"16. Mi\u0119dzynarodowe Targi Kolejowe TRAKO 2025 w Gda\u0144sku dobieg\u0142y ko\u0144ca. Odwiedzi\u0142o je 25 363 os\u00f3b z 49 kraj\u00f3w.Dzi\u0119kujemy za wszystkie spotkania i rozmowy na naszym stoisku.Cieszymy si\u0119, \u017ce mogli\u015bmy zaprezentowa\u0107 nasze us\u0142ugi i porozmawia\u0107 o mo\u017cliwo\u015bciach potencjalnej wsp\u00f3\u0142pracy.","og_url":"https:\/\/tarapata.com\/de\/16-miedzynarodowe-targi-kolejowe-trako-2025-w-gdansku-juz-za-nami\/","og_site_name":"Tarapata","article_publisher":"https:\/\/www.facebook.com\/people\/Firma-Tarapata\/100083356441442\/#","article_published_time":"2025-10-09T11:45:52+00:00","article_modified_time":"2025-10-09T12:20:55+00:00","og_image":[{"width":1600,"height":1200,"url":"https:\/\/tarapata.com\/wp-content\/uploads\/2025\/10\/TRAKO-2.jpg","type":"image\/jpeg"}],"author":"Anna St\u0105por","twitter_card":"summary_large_image","twitter_misc":{"Verfasst von":"Anna St\u0105por","Gesch\u00e4tzte Lesezeit":"1\u00a0Minute"},"schema":{"@context":"https:\/\/schema.org","@graph":[{"@type":"Article","@id":"https:\/\/tarapata.com\/16-miedzynarodowe-targi-kolejowe-trako-2025-w-gdansku-juz-za-nami\/#article","isPartOf":{"@id":"https:\/\/tarapata.com\/16-miedzynarodowe-targi-kolejowe-trako-2025-w-gdansku-juz-za-nami\/"},"author":{"name":"Anna St\u0105por","@id":"https:\/\/tarapata.com\/#\/schema\/person\/11d17d86ede70fc7e80f178ef290b2ca"},"headline":"16. Mi\u0119dzynarodowe Targi Kolejowe TRAKO 2025 w Gda\u0144sku ju\u017c za nami&#8230;","datePublished":"2025-10-09T11:45:52+00:00","dateModified":"2025-10-09T12:20:55+00:00","mainEntityOfPage":{"@id":"https:\/\/tarapata.com\/16-miedzynarodowe-targi-kolejowe-trako-2025-w-gdansku-juz-za-nami\/"},"wordCount":59,"publisher":{"@id":"https:\/\/tarapata.com\/#organization"},"image":{"@id":"https:\/\/tarapata.com\/16-miedzynarodowe-targi-kolejowe-trako-2025-w-gdansku-juz-za-nami\/#primaryimage"},"thumbnailUrl":"https:\/\/tarapata.com\/wp-content\/uploads\/2025\/10\/TRAKO-2.jpg","articleSection":["Bez kategorii"],"inLanguage":"de"},{"@type":"WebPage","@id":"https:\/\/tarapata.com\/16-miedzynarodowe-targi-kolejowe-trako-2025-w-gdansku-juz-za-nami\/","url":"https:\/\/tarapata.com\/16-miedzynarodowe-targi-kolejowe-trako-2025-w-gdansku-juz-za-nami\/","name":"16. Mi\u0119dzynarodowe Targi Kolejowe TRAKO 2025 w Gda\u0144sku ju\u017c za nami... - Tarapata","isPartOf":{"@id":"https:\/\/tarapata.com\/#website"},"primaryImageOfPage":{"@id":"https:\/\/tarapata.com\/16-miedzynarodowe-targi-kolejowe-trako-2025-w-gdansku-juz-za-nami\/#primaryimage"},"image":{"@id":"https:\/\/tarapata.com\/16-miedzynarodowe-targi-kolejowe-trako-2025-w-gdansku-juz-za-nami\/#primaryimage"},"thumbnailUrl":"https:\/\/tarapata.com\/wp-content\/uploads\/2025\/10\/TRAKO-2.jpg","datePublished":"2025-10-09T11:45:52+00:00","dateModified":"2025-10-09T12:20:55+00:00","breadcrumb":{"@id":"https:\/\/tarapata.com\/16-miedzynarodowe-targi-kolejowe-trako-2025-w-gdansku-juz-za-nami\/#breadcrumb"},"inLanguage":"de","potentialAction":[{"@type":"ReadAction","target":["https:\/\/tarapata.com\/16-miedzynarodowe-targi-kolejowe-trako-2025-w-gdansku-juz-za-nami\/"]}]},{"@type":"ImageObject","inLanguage":"de","@id":"https:\/\/tarapata.com\/16-miedzynarodowe-targi-kolejowe-trako-2025-w-gdansku-juz-za-nami\/#primaryimage","url":"https:\/\/tarapata.com\/wp-content\/uploads\/2025\/10\/TRAKO-2.jpg","contentUrl":"https:\/\/tarapata.com\/wp-content\/uploads\/2025\/10\/TRAKO-2.jpg","width":1600,"height":1200},{"@type":"BreadcrumbList","@id":"https:\/\/tarapata.com\/16-miedzynarodowe-targi-kolejowe-trako-2025-w-gdansku-juz-za-nami\/#breadcrumb","itemListElement":[{"@type":"ListItem","position":1,"name":"Strona g\u0142\u00f3wna","item":"https:\/\/tarapata.com\/"},{"@type":"ListItem","position":2,"name":"16. Mi\u0119dzynarodowe Targi Kolejowe TRAKO 2025 w Gda\u0144sku ju\u017c za nami&#8230;"}]},{"@type":"WebSite","@id":"https:\/\/tarapata.com\/#website","url":"https:\/\/tarapata.com\/","name":"Firma Tarapata Sp. z o.o","description":"Od 2002 roku Firma Tarapata Sp. z o.o. oferuje kompleksowe us\u0142ugi z zakresu obr\u00f3bki stali i specjalizuje si\u0119 w produkcji cz\u0119\u015bci dla r\u00f3\u017cnych ga\u0142\u0119zi przemys\u0142u","publisher":{"@id":"https:\/\/tarapata.com\/#organization"},"potentialAction":[{"@type":"SearchAction","target":{"@type":"EntryPoint","urlTemplate":"https:\/\/tarapata.com\/?s={search_term_string}"},"query-input":{"@type":"PropertyValueSpecification","valueRequired":true,"valueName":"search_term_string"}}],"inLanguage":"de"},{"@type":"Organization","@id":"https:\/\/tarapata.com\/#organization","name":"Firma Tarapata Sp. z o.o","url":"https:\/\/tarapata.com\/","logo":{"@type":"ImageObject","inLanguage":"de","@id":"https:\/\/tarapata.com\/#\/schema\/logo\/image\/","url":"https:\/\/tarapata.com\/wp-content\/uploads\/2025\/04\/favicon.jpg","contentUrl":"https:\/\/tarapata.com\/wp-content\/uploads\/2025\/04\/favicon.jpg","width":128,"height":115,"caption":"Firma Tarapata Sp. z o.o"},"image":{"@id":"https:\/\/tarapata.com\/#\/schema\/logo\/image\/"},"sameAs":["https:\/\/www.facebook.com\/people\/Firma-Tarapata\/100083356441442\/#","https:\/\/www.instagram.com\/firmatarapata\/","https:\/\/www.youtube.com\/@ciecielaserem","https:\/\/pl.linkedin.com\/company\/firmatarapata","https:\/\/www.tiktok.com\/@firmatarapata"]},{"@type":"Person","@id":"https:\/\/tarapata.com\/#\/schema\/person\/11d17d86ede70fc7e80f178ef290b2ca","name":"Anna St\u0105por","url":"https:\/\/tarapata.com\/de\/author\/anna-stapor\/"}]}},"_links":{"self":[{"href":"https:\/\/tarapata.com\/de\/wp-json\/wp\/v2\/posts\/1719","targetHints":{"allow":["GET"]}}],"collection":[{"href":"https:\/\/tarapata.com\/de\/wp-json\/wp\/v2\/posts"}],"about":[{"href":"https:\/\/tarapata.com\/de\/wp-json\/wp\/v2\/types\/post"}],"author":[{"embeddable":true,"href":"https:\/\/tarapata.com\/de\/wp-json\/wp\/v2\/users\/9"}],"replies":[{"embeddable":true,"href":"https:\/\/tarapata.com\/de\/wp-json\/wp\/v2\/comments?post=1719"}],"version-history":[{"count":4,"href":"https:\/\/tarapata.com\/de\/wp-json\/wp\/v2\/posts\/1719\/revisions"}],"predecessor-version":[{"id":1727,"href":"https:\/\/tarapata.com\/de\/wp-json\/wp\/v2\/posts\/1719\/revisions\/1727"}],"wp:featuredmedia":[{"embeddable":true,"href":"https:\/\/tarapata.com\/de\/wp-json\/wp\/v2\/media\/1720"}],"wp:attachment":[{"href":"https:\/\/tarapata.com\/de\/wp-json\/wp\/v2\/media?parent=1719"}],"wp:term":[{"taxonomy":"category","embeddable":true,"href":"https:\/\/tarapata.com\/de\/wp-json\/wp\/v2\/categories?post=1719"},{"taxonomy":"post_tag","embeddable":true,"href":"https:\/\/tarapata.com\/de\/wp-json\/wp\/v2\/tags?post=1719"}],"curies":[{"name":"wp","href":"https:\/\/api.w.org\/{rel}","templated":true}]}}